{"id":6919,"date":"2026-03-26T20:45:55","date_gmt":"2026-03-26T20:45:55","guid":{"rendered":"https:\/\/santedentaireso.com\/?p=6919"},"modified":"2026-03-26T20:45:56","modified_gmt":"2026-03-26T20:45:56","slug":"nettoyage-dentaire-repartir-sur-de-bonnes-bases-au-printemps","status":"publish","type":"post","link":"https:\/\/santedentaireso.com\/en\/nettoyage-dentaire-repartir-sur-de-bonnes-bases-au-printemps\/","title":{"rendered":"Nettoyage dentaire : repartir sur de bonnes bases au printemps"},"content":{"rendered":"<h3 class=\"wp-block-heading\"><strong>Une \u00e9tape cl\u00e9 pour la sant\u00e9 bucco-dentaire<\/strong><\/h3>\n\n\n\n<p>Le nettoyage dentaire professionnel est un soin essentiel qui permet de maintenir vos dents et vos gencives en bonne sant\u00e9. M\u00eame avec une bonne hygi\u00e8ne \u00e0 domicile, la plaque et le tartre peuvent s\u2019accumuler dans certaines zones difficiles \u00e0 atteindre.<\/p>\n\n\n\n<p>Le printemps repr\u00e9sente un moment particuli\u00e8rement favorable pour effectuer ce type de soin. Apr\u00e8s l\u2019hiver, plusieurs patients souhaitent reprendre de bonnes habitudes et s\u2019inscrire dans une d\u00e9marche globale de sant\u00e9 et de bien-\u00eatre.<\/p>\n\n\n\n<h3 class=\"wp-block-heading\"><strong>\u00c9liminer les accumulations invisibles<\/strong><\/h3>\n\n\n\n<p>Avec le temps, la plaque dentaire peut se transformer en tartre, une substance plus dure qui ne peut \u00eatre retir\u00e9e qu\u2019en clinique. Cette accumulation favorise l\u2019inflammation des gencives et peut mener \u00e0 des conditions comme la gingivite.<\/p>\n\n\n\n<p>Le nettoyage professionnel permet d\u2019\u00e9liminer ces d\u00e9p\u00f4ts et de r\u00e9tablir un environnement buccal sain. Il contribue \u00e9galement \u00e0 r\u00e9duire les risques de complications \u00e0 plus long terme.<\/p>\n\n\n\n<h3 class=\"wp-block-heading\"><strong>Le r\u00f4le du nettoyage dans la pr\u00e9vention<\/strong><\/h3>\n\n\n\n<p>Au-del\u00e0 de l\u2019aspect esth\u00e9tique, le nettoyage dentaire s\u2019inscrit dans une approche pr\u00e9ventive. Il permet souvent de d\u00e9tecter pr\u00e9cocement certaines probl\u00e9matiques, comme les caries ou les signes de maladie des gencives.<\/p>\n\n\n\n<p>Une intervention \u00e0 ce stade est g\u00e9n\u00e9ralement plus simple, plus rapide et moins invasive.<\/p>\n\n\n\n<h3 class=\"wp-block-heading\"><strong>Une meilleure sant\u00e9 des gencives<\/strong><\/h3>\n\n\n\n<p>Les gencives jouent un r\u00f4le central dans la stabilit\u00e9 des dents. Lorsqu\u2019elles sont enflamm\u00e9es, elles peuvent devenir sensibles, saigner et, \u00e0 long terme, compromettre le support des dents.<\/p>\n\n\n\n<p>Le nettoyage dentaire contribue \u00e0 r\u00e9duire cette inflammation et \u00e0 favoriser un retour \u00e0 un \u00e9tat plus stable. Il s\u2019agit d\u2019une \u00e9tape importante pour pr\u00e9server la sant\u00e9 bucco-dentaire globale.<\/p>\n\n\n\n<h3 class=\"wp-block-heading\"><strong>Conclusion<\/strong><\/h3>\n\n\n\n<p>Chez Sant\u00e9 dentaire SO, le nettoyage est int\u00e9gr\u00e9 \u00e0 une \u00e9valuation compl\u00e8te de la sant\u00e9 bucco-dentaire. Cette approche permet d\u2019adapter les recommandations selon les besoins de chaque patient et de soutenir une pr\u00e9vention efficace et durable.<\/p>","protected":false},"excerpt":{"rendered":"<p>Une \u00e9tape cl\u00e9 pour la sant\u00e9 bucco-dentaire Le nettoyage dentaire professionnel est un soin essentiel qui permet de maintenir vos dents et vos gencives en bonne sant\u00e9. M\u00eame avec une bonne hygi\u00e8ne \u00e0 domicile, la plaque et le tartre peuvent s\u2019accumuler dans certaines zones difficiles \u00e0 atteindre. Le printemps repr\u00e9sente un moment particuli\u00e8rement favorable pour&#8230;<\/p>","protected":false},"author":1,"featured_media":6397,"comment_status":"closed","ping_status":"closed","sticky":false,"template":"","format":"standard","meta":{"_kad_post_transparent":"","_kad_post_title":"","_kad_post_layout":"","_kad_post_sidebar_id":"","_kad_post_content_style":"","_kad_post_vertical_padding":"","_kad_post_feature":"","_kad_post_feature_position":"","_kad_post_header":false,"_kad_post_footer":false,"_jetpack_newsletter_access":"","_jetpack_dont_email_post_to_subs":true,"_jetpack_newsletter_tier_id":0,"_jetpack_memberships_contains_paywalled_content":false,"_jetpack_memberships_contains_paid_content":false,"footnotes":"","jetpack_publicize_message":"","jetpack_publicize_feature_enabled":true,"jetpack_social_post_already_shared":true,"jetpack_social_options":{"image_generator_settings":{"template":"highway","default_image_id":0,"font":"","enabled":false},"version":2},"_wpas_customize_per_network":false,"jetpack_post_was_ever_published":false},"categories":[133,135],"tags":[171,170,173,172],"class_list":["post-6919","post","type-post","status-publish","format-standard","has-post-thumbnail","hentry","category-dentisterie-generale","category-soins-preventifs-et-bien-etre","tag-detartrage-dents","tag-nettoyage-dentaire","tag-prevention-dentaire","tag-sante-des-gencives"],"yoast_head":"<!-- This site is optimized with the Yoast SEO plugin v27.5 - https:\/\/yoast.com\/product\/yoast-seo-wordpress\/ -->\n<title>Nettoyage dentaire au printemps<\/title>\n<meta name=\"description\" content=\"Le nettoyage dentaire aide \u00e0 pr\u00e9venir les probl\u00e8mes bucco-dentaires et le printemps est id\u00e9al pour reprendre de bonnes habitudes.\" \/>\n<meta name=\"robots\" content=\"index, follow, max-snippet:-1, max-image-preview:large, max-video-preview:-1\" \/>\n<link rel=\"canonical\" href=\"https:\/\/santedentaireso.com\/en\/nettoyage-dentaire-repartir-sur-de-bonnes-bases-au-printemps\/\" \/>\n<meta property=\"og:locale\" content=\"en_US\" \/>\n<meta property=\"og:type\" content=\"article\" \/>\n<meta property=\"og:title\" content=\"Nettoyage dentaire au printemps\" \/>\n<meta property=\"og:description\" content=\"Le nettoyage dentaire aide \u00e0 pr\u00e9venir les probl\u00e8mes bucco-dentaires et le printemps est id\u00e9al pour reprendre de bonnes habitudes.\" \/>\n<meta property=\"og:url\" content=\"https:\/\/santedentaireso.com\/en\/nettoyage-dentaire-repartir-sur-de-bonnes-bases-au-printemps\/\" \/>\n<meta property=\"article:publisher\" content=\"https:\/\/www.facebook.com\/santedentaireSO\/\" \/>\n<meta property=\"article:published_time\" content=\"2026-03-26T20:45:55+00:00\" \/>\n<meta property=\"article:modified_time\" content=\"2026-03-26T20:45:56+00:00\" \/>\n<meta property=\"og:image\" content=\"https:\/\/santedentaireso.com\/wp-content\/uploads\/2025\/07\/dentisterie-generale-Sante-dentaire-SO-a-Ville-Emard.jpg\" \/>\n\t<meta property=\"og:image:width\" content=\"1024\" \/>\n\t<meta property=\"og:image:height\" content=\"683\" \/>\n\t<meta property=\"og:image:type\" content=\"image\/jpeg\" \/>\n<meta name=\"author\" content=\"santedentaireso\" \/>\n<meta name=\"twitter:card\" content=\"summary_large_image\" \/>\n<meta name=\"twitter:label1\" content=\"Written by\" \/>\n\t<meta name=\"twitter:data1\" content=\"santedentaireso\" \/>\n\t<meta name=\"twitter:label2\" content=\"Est. reading time\" \/>\n\t<meta name=\"twitter:data2\" content=\"2 minutes\" \/>\n<script type=\"application\/ld+json\" class=\"yoast-schema-graph\">{\"@context\":\"https:\\\/\\\/schema.org\",\"@graph\":[{\"@type\":\"Article\",\"@id\":\"https:\\\/\\\/santedentaireso.com\\\/nettoyage-dentaire-repartir-sur-de-bonnes-bases-au-printemps\\\/#article\",\"isPartOf\":{\"@id\":\"https:\\\/\\\/santedentaireso.com\\\/nettoyage-dentaire-repartir-sur-de-bonnes-bases-au-printemps\\\/\"},\"author\":{\"name\":\"santedentaireso\",\"@id\":\"https:\\\/\\\/santedentaireso.com\\\/#\\\/schema\\\/person\\\/d48162db4bc01ac8787c5718c176f204\"},\"headline\":\"Nettoyage dentaire : repartir sur de bonnes bases au printemps\",\"datePublished\":\"2026-03-26T20:45:55+00:00\",\"dateModified\":\"2026-03-26T20:45:56+00:00\",\"mainEntityOfPage\":{\"@id\":\"https:\\\/\\\/santedentaireso.com\\\/nettoyage-dentaire-repartir-sur-de-bonnes-bases-au-printemps\\\/\"},\"wordCount\":336,\"publisher\":{\"@id\":\"https:\\\/\\\/santedentaireso.com\\\/#organization\"},\"image\":{\"@id\":\"https:\\\/\\\/santedentaireso.com\\\/nettoyage-dentaire-repartir-sur-de-bonnes-bases-au-printemps\\\/#primaryimage\"},\"thumbnailUrl\":\"https:\\\/\\\/i0.wp.com\\\/santedentaireso.com\\\/wp-content\\\/uploads\\\/2025\\\/07\\\/dentisterie-generale-Sante-dentaire-SO-a-Ville-Emard.jpg?fit=1024%2C683&ssl=1\",\"keywords\":[\"d\u00e9tartrage dents\",\"nettoyage dentaire\",\"pr\u00e9vention dentaire\",\"sant\u00e9 des gencives\"],\"articleSection\":[\"Dentisterie g\u00e9n\u00e9rale\",\"Soins pr\u00e9ventifs et bien-\u00eatre\"],\"inLanguage\":\"en-CA\"},{\"@type\":\"WebPage\",\"@id\":\"https:\\\/\\\/santedentaireso.com\\\/nettoyage-dentaire-repartir-sur-de-bonnes-bases-au-printemps\\\/\",\"url\":\"https:\\\/\\\/santedentaireso.com\\\/nettoyage-dentaire-repartir-sur-de-bonnes-bases-au-printemps\\\/\",\"name\":\"Nettoyage dentaire au printemps\",\"isPartOf\":{\"@id\":\"https:\\\/\\\/santedentaireso.com\\\/#website\"},\"primaryImageOfPage\":{\"@id\":\"https:\\\/\\\/santedentaireso.com\\\/nettoyage-dentaire-repartir-sur-de-bonnes-bases-au-printemps\\\/#primaryimage\"},\"image\":{\"@id\":\"https:\\\/\\\/santedentaireso.com\\\/nettoyage-dentaire-repartir-sur-de-bonnes-bases-au-printemps\\\/#primaryimage\"},\"thumbnailUrl\":\"https:\\\/\\\/i0.wp.com\\\/santedentaireso.com\\\/wp-content\\\/uploads\\\/2025\\\/07\\\/dentisterie-generale-Sante-dentaire-SO-a-Ville-Emard.jpg?fit=1024%2C683&ssl=1\",\"datePublished\":\"2026-03-26T20:45:55+00:00\",\"dateModified\":\"2026-03-26T20:45:56+00:00\",\"description\":\"Le nettoyage dentaire aide \u00e0 pr\u00e9venir les probl\u00e8mes bucco-dentaires et le printemps est id\u00e9al pour reprendre de bonnes habitudes.\",\"breadcrumb\":{\"@id\":\"https:\\\/\\\/santedentaireso.com\\\/nettoyage-dentaire-repartir-sur-de-bonnes-bases-au-printemps\\\/#breadcrumb\"},\"inLanguage\":\"en-CA\",\"potentialAction\":[{\"@type\":\"ReadAction\",\"target\":[\"https:\\\/\\\/santedentaireso.com\\\/nettoyage-dentaire-repartir-sur-de-bonnes-bases-au-printemps\\\/\"]}]},{\"@type\":\"ImageObject\",\"inLanguage\":\"en-CA\",\"@id\":\"https:\\\/\\\/santedentaireso.com\\\/nettoyage-dentaire-repartir-sur-de-bonnes-bases-au-printemps\\\/#primaryimage\",\"url\":\"https:\\\/\\\/i0.wp.com\\\/santedentaireso.com\\\/wp-content\\\/uploads\\\/2025\\\/07\\\/dentisterie-generale-Sante-dentaire-SO-a-Ville-Emard.jpg?fit=1024%2C683&ssl=1\",\"contentUrl\":\"https:\\\/\\\/i0.wp.com\\\/santedentaireso.com\\\/wp-content\\\/uploads\\\/2025\\\/07\\\/dentisterie-generale-Sante-dentaire-SO-a-Ville-Emard.jpg?fit=1024%2C683&ssl=1\",\"width\":1024,\"height\":683,\"caption\":\"nettoyage dentaire - Sant\u00e9 dentaire SO a Ville-\u00c9mard\"},{\"@type\":\"BreadcrumbList\",\"@id\":\"https:\\\/\\\/santedentaireso.com\\\/nettoyage-dentaire-repartir-sur-de-bonnes-bases-au-printemps\\\/#breadcrumb\",\"itemListElement\":[{\"@type\":\"ListItem\",\"position\":1,\"name\":\"Accueil\",\"item\":\"https:\\\/\\\/santedentaireso.com\\\/\"},{\"@type\":\"ListItem\",\"position\":2,\"name\":\"Nettoyage dentaire : repartir sur de bonnes bases au printemps\"}]},{\"@type\":\"WebSite\",\"@id\":\"https:\\\/\\\/santedentaireso.com\\\/#website\",\"url\":\"https:\\\/\\\/santedentaireso.com\\\/\",\"name\":\"\",\"description\":\"Votre clinique dentaire dans le sud-ouest de Montr\u00e9al\",\"publisher\":{\"@id\":\"https:\\\/\\\/santedentaireso.com\\\/#organization\"},\"potentialAction\":[{\"@type\":\"SearchAction\",\"target\":{\"@type\":\"EntryPoint\",\"urlTemplate\":\"https:\\\/\\\/santedentaireso.com\\\/?s={search_term_string}\"},\"query-input\":{\"@type\":\"PropertyValueSpecification\",\"valueRequired\":true,\"valueName\":\"search_term_string\"}}],\"inLanguage\":\"en-CA\"},{\"@type\":\"Organization\",\"@id\":\"https:\\\/\\\/santedentaireso.com\\\/#organization\",\"name\":\"Sant\u00e9 dentaire SO\",\"url\":\"https:\\\/\\\/santedentaireso.com\\\/\",\"logo\":{\"@type\":\"ImageObject\",\"inLanguage\":\"en-CA\",\"@id\":\"https:\\\/\\\/santedentaireso.com\\\/#\\\/schema\\\/logo\\\/image\\\/\",\"url\":\"https:\\\/\\\/i0.wp.com\\\/santedentaireso.com\\\/wp-content\\\/uploads\\\/2021\\\/05\\\/cropped-cropped-Capture-decran-le-2021-05-26-a-16.19.35.png?fit=400%2C400&ssl=1\",\"contentUrl\":\"https:\\\/\\\/i0.wp.com\\\/santedentaireso.com\\\/wp-content\\\/uploads\\\/2021\\\/05\\\/cropped-cropped-Capture-decran-le-2021-05-26-a-16.19.35.png?fit=400%2C400&ssl=1\",\"width\":400,\"height\":400,\"caption\":\"Sant\u00e9 dentaire SO\"},\"image\":{\"@id\":\"https:\\\/\\\/santedentaireso.com\\\/#\\\/schema\\\/logo\\\/image\\\/\"},\"sameAs\":[\"https:\\\/\\\/www.facebook.com\\\/santedentaireSO\\\/\"]},{\"@type\":\"Person\",\"@id\":\"https:\\\/\\\/santedentaireso.com\\\/#\\\/schema\\\/person\\\/d48162db4bc01ac8787c5718c176f204\",\"name\":\"santedentaireso\",\"image\":{\"@type\":\"ImageObject\",\"inLanguage\":\"en-CA\",\"@id\":\"https:\\\/\\\/secure.gravatar.com\\\/avatar\\\/84d2ca07eedcba923310914c3d9fe8bcbab76b43f5aa2072c1e9879ada17ee3a?s=96&d=identicon&r=g\",\"url\":\"https:\\\/\\\/secure.gravatar.com\\\/avatar\\\/84d2ca07eedcba923310914c3d9fe8bcbab76b43f5aa2072c1e9879ada17ee3a?s=96&d=identicon&r=g\",\"contentUrl\":\"https:\\\/\\\/secure.gravatar.com\\\/avatar\\\/84d2ca07eedcba923310914c3d9fe8bcbab76b43f5aa2072c1e9879ada17ee3a?s=96&d=identicon&r=g\",\"caption\":\"santedentaireso\"},\"url\":\"https:\\\/\\\/santedentaireso.com\\\/en\\\/author\\\/santedentaireso\\\/\"}]}<\/script>\n<!-- \/ Yoast SEO plugin. -->","yoast_head_json":{"title":"Nettoyage dentaire au printemps","description":"Le nettoyage dentaire aide \u00e0 pr\u00e9venir les probl\u00e8mes bucco-dentaires et le printemps est id\u00e9al pour reprendre de bonnes habitudes.","robots":{"index":"index","follow":"follow","max-snippet":"max-snippet:-1","max-image-preview":"max-image-preview:large","max-video-preview":"max-video-preview:-1"},"canonical":"https:\/\/santedentaireso.com\/en\/nettoyage-dentaire-repartir-sur-de-bonnes-bases-au-printemps\/","og_locale":"en_US","og_type":"article","og_title":"Nettoyage dentaire au printemps","og_description":"Le nettoyage dentaire aide \u00e0 pr\u00e9venir les probl\u00e8mes bucco-dentaires et le printemps est id\u00e9al pour reprendre de bonnes habitudes.","og_url":"https:\/\/santedentaireso.com\/en\/nettoyage-dentaire-repartir-sur-de-bonnes-bases-au-printemps\/","article_publisher":"https:\/\/www.facebook.com\/santedentaireSO\/","article_published_time":"2026-03-26T20:45:55+00:00","article_modified_time":"2026-03-26T20:45:56+00:00","og_image":[{"width":1024,"height":683,"url":"https:\/\/santedentaireso.com\/wp-content\/uploads\/2025\/07\/dentisterie-generale-Sante-dentaire-SO-a-Ville-Emard.jpg","type":"image\/jpeg"}],"author":"santedentaireso","twitter_card":"summary_large_image","twitter_misc":{"Written by":"santedentaireso","Est. reading time":"2 minutes"},"schema":{"@context":"https:\/\/schema.org","@graph":[{"@type":"Article","@id":"https:\/\/santedentaireso.com\/nettoyage-dentaire-repartir-sur-de-bonnes-bases-au-printemps\/#article","isPartOf":{"@id":"https:\/\/santedentaireso.com\/nettoyage-dentaire-repartir-sur-de-bonnes-bases-au-printemps\/"},"author":{"name":"santedentaireso","@id":"https:\/\/santedentaireso.com\/#\/schema\/person\/d48162db4bc01ac8787c5718c176f204"},"headline":"Nettoyage dentaire : repartir sur de bonnes bases au printemps","datePublished":"2026-03-26T20:45:55+00:00","dateModified":"2026-03-26T20:45:56+00:00","mainEntityOfPage":{"@id":"https:\/\/santedentaireso.com\/nettoyage-dentaire-repartir-sur-de-bonnes-bases-au-printemps\/"},"wordCount":336,"publisher":{"@id":"https:\/\/santedentaireso.com\/#organization"},"image":{"@id":"https:\/\/santedentaireso.com\/nettoyage-dentaire-repartir-sur-de-bonnes-bases-au-printemps\/#primaryimage"},"thumbnailUrl":"https:\/\/i0.wp.com\/santedentaireso.com\/wp-content\/uploads\/2025\/07\/dentisterie-generale-Sante-dentaire-SO-a-Ville-Emard.jpg?fit=1024%2C683&ssl=1","keywords":["d\u00e9tartrage dents","nettoyage dentaire","pr\u00e9vention dentaire","sant\u00e9 des gencives"],"articleSection":["Dentisterie g\u00e9n\u00e9rale","Soins pr\u00e9ventifs et bien-\u00eatre"],"inLanguage":"en-CA"},{"@type":"WebPage","@id":"https:\/\/santedentaireso.com\/nettoyage-dentaire-repartir-sur-de-bonnes-bases-au-printemps\/","url":"https:\/\/santedentaireso.com\/nettoyage-dentaire-repartir-sur-de-bonnes-bases-au-printemps\/","name":"Nettoyage dentaire au printemps","isPartOf":{"@id":"https:\/\/santedentaireso.com\/#website"},"primaryImageOfPage":{"@id":"https:\/\/santedentaireso.com\/nettoyage-dentaire-repartir-sur-de-bonnes-bases-au-printemps\/#primaryimage"},"image":{"@id":"https:\/\/santedentaireso.com\/nettoyage-dentaire-repartir-sur-de-bonnes-bases-au-printemps\/#primaryimage"},"thumbnailUrl":"https:\/\/i0.wp.com\/santedentaireso.com\/wp-content\/uploads\/2025\/07\/dentisterie-generale-Sante-dentaire-SO-a-Ville-Emard.jpg?fit=1024%2C683&ssl=1","datePublished":"2026-03-26T20:45:55+00:00","dateModified":"2026-03-26T20:45:56+00:00","description":"Le nettoyage dentaire aide \u00e0 pr\u00e9venir les probl\u00e8mes bucco-dentaires et le printemps est id\u00e9al pour reprendre de bonnes habitudes.","breadcrumb":{"@id":"https:\/\/santedentaireso.com\/nettoyage-dentaire-repartir-sur-de-bonnes-bases-au-printemps\/#breadcrumb"},"inLanguage":"en-CA","potentialAction":[{"@type":"ReadAction","target":["https:\/\/santedentaireso.com\/nettoyage-dentaire-repartir-sur-de-bonnes-bases-au-printemps\/"]}]},{"@type":"ImageObject","inLanguage":"en-CA","@id":"https:\/\/santedentaireso.com\/nettoyage-dentaire-repartir-sur-de-bonnes-bases-au-printemps\/#primaryimage","url":"https:\/\/i0.wp.com\/santedentaireso.com\/wp-content\/uploads\/2025\/07\/dentisterie-generale-Sante-dentaire-SO-a-Ville-Emard.jpg?fit=1024%2C683&ssl=1","contentUrl":"https:\/\/i0.wp.com\/santedentaireso.com\/wp-content\/uploads\/2025\/07\/dentisterie-generale-Sante-dentaire-SO-a-Ville-Emard.jpg?fit=1024%2C683&ssl=1","width":1024,"height":683,"caption":"nettoyage dentaire - Sant\u00e9 dentaire SO a Ville-\u00c9mard"},{"@type":"BreadcrumbList","@id":"https:\/\/santedentaireso.com\/nettoyage-dentaire-repartir-sur-de-bonnes-bases-au-printemps\/#breadcrumb","itemListElement":[{"@type":"ListItem","position":1,"name":"Accueil","item":"https:\/\/santedentaireso.com\/"},{"@type":"ListItem","position":2,"name":"Nettoyage dentaire : repartir sur de bonnes bases au printemps"}]},{"@type":"WebSite","@id":"https:\/\/santedentaireso.com\/#website","url":"https:\/\/santedentaireso.com\/","name":"","description":"Votre clinique dentaire dans le sud-ouest de Montr\u00e9al","publisher":{"@id":"https:\/\/santedentaireso.com\/#organization"},"potentialAction":[{"@type":"SearchAction","target":{"@type":"EntryPoint","urlTemplate":"https:\/\/santedentaireso.com\/?s={search_term_string}"},"query-input":{"@type":"PropertyValueSpecification","valueRequired":true,"valueName":"search_term_string"}}],"inLanguage":"en-CA"},{"@type":"Organization","@id":"https:\/\/santedentaireso.com\/#organization","name":"Sant\u00e9 dentaire SO","url":"https:\/\/santedentaireso.com\/","logo":{"@type":"ImageObject","inLanguage":"en-CA","@id":"https:\/\/santedentaireso.com\/#\/schema\/logo\/image\/","url":"https:\/\/i0.wp.com\/santedentaireso.com\/wp-content\/uploads\/2021\/05\/cropped-cropped-Capture-decran-le-2021-05-26-a-16.19.35.png?fit=400%2C400&ssl=1","contentUrl":"https:\/\/i0.wp.com\/santedentaireso.com\/wp-content\/uploads\/2021\/05\/cropped-cropped-Capture-decran-le-2021-05-26-a-16.19.35.png?fit=400%2C400&ssl=1","width":400,"height":400,"caption":"Sant\u00e9 dentaire SO"},"image":{"@id":"https:\/\/santedentaireso.com\/#\/schema\/logo\/image\/"},"sameAs":["https:\/\/www.facebook.com\/santedentaireSO\/"]},{"@type":"Person","@id":"https:\/\/santedentaireso.com\/#\/schema\/person\/d48162db4bc01ac8787c5718c176f204","name":"santedentaireso","image":{"@type":"ImageObject","inLanguage":"en-CA","@id":"https:\/\/secure.gravatar.com\/avatar\/84d2ca07eedcba923310914c3d9fe8bcbab76b43f5aa2072c1e9879ada17ee3a?s=96&d=identicon&r=g","url":"https:\/\/secure.gravatar.com\/avatar\/84d2ca07eedcba923310914c3d9fe8bcbab76b43f5aa2072c1e9879ada17ee3a?s=96&d=identicon&r=g","contentUrl":"https:\/\/secure.gravatar.com\/avatar\/84d2ca07eedcba923310914c3d9fe8bcbab76b43f5aa2072c1e9879ada17ee3a?s=96&d=identicon&r=g","caption":"santedentaireso"},"url":"https:\/\/santedentaireso.com\/en\/author\/santedentaireso\/"}]}},"jetpack_publicize_connections":[],"jetpack_featured_media_url":"https:\/\/i0.wp.com\/santedentaireso.com\/wp-content\/uploads\/2025\/07\/dentisterie-generale-Sante-dentaire-SO-a-Ville-Emard.jpg?fit=1024%2C683&ssl=1","jetpack_sharing_enabled":true,"jetpack_shortlink":"https:\/\/wp.me\/pa5GJh-1NB","jetpack_likes_enabled":false,"_links":{"self":[{"href":"https:\/\/santedentaireso.com\/en\/wp-json\/wp\/v2\/posts\/6919","targetHints":{"allow":["GET"]}}],"collection":[{"href":"https:\/\/santedentaireso.com\/en\/wp-json\/wp\/v2\/posts"}],"about":[{"href":"https:\/\/santedentaireso.com\/en\/wp-json\/wp\/v2\/types\/post"}],"author":[{"embeddable":true,"href":"https:\/\/santedentaireso.com\/en\/wp-json\/wp\/v2\/users\/1"}],"replies":[{"embeddable":true,"href":"https:\/\/santedentaireso.com\/en\/wp-json\/wp\/v2\/comments?post=6919"}],"version-history":[{"count":2,"href":"https:\/\/santedentaireso.com\/en\/wp-json\/wp\/v2\/posts\/6919\/revisions"}],"predecessor-version":[{"id":6922,"href":"https:\/\/santedentaireso.com\/en\/wp-json\/wp\/v2\/posts\/6919\/revisions\/6922"}],"wp:featuredmedia":[{"embeddable":true,"href":"https:\/\/santedentaireso.com\/en\/wp-json\/wp\/v2\/media\/6397"}],"wp:attachment":[{"href":"https:\/\/santedentaireso.com\/en\/wp-json\/wp\/v2\/media?parent=6919"}],"wp:term":[{"taxonomy":"category","embeddable":true,"href":"https:\/\/santedentaireso.com\/en\/wp-json\/wp\/v2\/categories?post=6919"},{"taxonomy":"post_tag","embeddable":true,"href":"https:\/\/santedentaireso.com\/en\/wp-json\/wp\/v2\/tags?post=6919"}],"curies":[{"name":"wp","href":"https:\/\/api.w.org\/{rel}","templated":true}]}}