{"id":6871,"date":"2026-02-18T20:02:39","date_gmt":"2026-02-18T20:02:39","guid":{"rendered":"https:\/\/santedentaireso.com\/?p=6871"},"modified":"2026-03-26T19:52:27","modified_gmt":"2026-03-26T19:52:27","slug":"respiration-nasale-et-sante-bucco-dentaire-un-lien-essentiel","status":"publish","type":"post","link":"https:\/\/santedentaireso.com\/en\/respiration-nasale-et-sante-bucco-dentaire-un-lien-essentiel\/","title":{"rendered":"Respiration nasale et sant\u00e9 bucco-dentaire : un lien essentiel"},"content":{"rendered":"<h3 class=\"wp-block-heading\">La respiration, un pilier souvent sous-estim\u00e9 de la sant\u00e9 orale<\/h3>\n\n\n\n<p>Respirer est un geste automatique, mais la fa\u00e7on dont nous respirons influence directement notre sant\u00e9 bucco-dentaire. La respiration nasale est le mode de respiration physiologique du corps. Elle permet de filtrer, humidifier et r\u00e9chauffer l\u2019air avant qu\u2019il n\u2019atteigne les voies respiratoires, tout en maintenant un environnement \u00e9quilibr\u00e9 dans la cavit\u00e9 buccale.<\/p>\n\n\n\n<p>Lorsque la respiration se fait principalement par la bouche, cet \u00e9quilibre est perturb\u00e9. Cette habitude, parfois inconsciente, peut entra\u00eener plusieurs cons\u00e9quences sur la sant\u00e9 des dents et des gencives.<\/p>\n\n\n\n<h3 class=\"wp-block-heading\">Les effets de la respiration buccale sur les dents et les gencives<\/h3>\n\n\n\n<p>La salive joue un r\u00f4le protecteur essentiel dans la bouche. Elle aide \u00e0 neutraliser les acides, \u00e0 limiter la prolif\u00e9ration bact\u00e9rienne et \u00e0 renforcer l\u2019\u00e9mail dentaire. La respiration buccale favorise l\u2019ass\u00e8chement de la bouche, r\u00e9duisant ainsi l\u2019efficacit\u00e9 de cette protection naturelle.<\/p>\n\n\n\n<p>Une bouche plus s\u00e8che est plus vuln\u00e9rable aux caries, aux inflammations gingivales et \u00e0 la mauvaise haleine. Ces effets peuvent passer inaper\u00e7us au d\u00e9part, mais s\u2019installer progressivement si la respiration buccale devient chronique.<\/p>\n\n\n\n<h3 class=\"wp-block-heading\">Un impact important chez l\u2019enfant<\/h3>\n\n\n\n<p>Chez l\u2019enfant, la respiration buccale prolong\u00e9e peut \u00e9galement influencer le d\u00e9veloppement facial. Elle est souvent associ\u00e9e \u00e0 une posture linguale basse, \u00e0 un palais plus \u00e9troit et \u00e0 des d\u00e9s\u00e9quilibres dans la croissance des m\u00e2choires. Ces changements peuvent affecter l\u2019alignement des dents, la mastication et la qualit\u00e9 du sommeil.<\/p>\n\n\n\n<p>Certains signes peuvent sugg\u00e9rer une respiration non optimale, comme une bouche ouverte au repos, des l\u00e8vres fr\u00e9quemment s\u00e8ches, des ronflements ou une fatigue persistante. Une \u00e9valuation globale permet d\u2019identifier ces habitudes et d\u2019en comprendre l\u2019impact sur la sant\u00e9 bucco-dentaire.<\/p>\n\n\n\n<h3 class=\"wp-block-heading\"><strong>Une approche globale en dentisterie<\/strong><\/h3>\n\n\n\n<p>L\u2019\u00e9valuation dentaire ne se limite pas \u00e0 l\u2019examen des dents. L\u2019observation des tissus buccaux, de la posture orale et des habitudes respiratoires fait partie d\u2019une approche globale de la sant\u00e9 orale. Cette vision permet de mieux comprendre l\u2019origine de certaines probl\u00e9matiques et d\u2019orienter les patients vers des solutions adapt\u00e9es.<\/p>\n\n\n\n<p>Chez Sant\u00e9 dentaire SO, cette approche vise \u00e0 soutenir non seulement la sant\u00e9 des dents et des gencives, mais aussi le bien-\u00eatre g\u00e9n\u00e9ral, en tenant compte des fonctions essentielles qui influencent la sant\u00e9 bucco-dentaire au quotidien.<\/p>\n\n\n\n<p><\/p>","protected":false},"excerpt":{"rendered":"<p>La respiration, un pilier souvent sous-estim\u00e9 de la sant\u00e9 orale Respirer est un geste automatique, mais la fa\u00e7on dont nous respirons influence directement notre sant\u00e9 bucco-dentaire. La respiration nasale est le mode de respiration physiologique du corps. Elle permet de filtrer, humidifier et r\u00e9chauffer l\u2019air avant qu\u2019il n\u2019atteigne les voies respiratoires, tout en maintenant un&#8230;<\/p>","protected":false},"author":1,"featured_media":6873,"comment_status":"closed","ping_status":"closed","sticky":false,"template":"","format":"standard","meta":{"_kad_post_transparent":"","_kad_post_title":"","_kad_post_layout":"","_kad_post_sidebar_id":"","_kad_post_content_style":"","_kad_post_vertical_padding":"","_kad_post_feature":"","_kad_post_feature_position":"","_kad_post_header":false,"_kad_post_footer":false,"_jetpack_newsletter_access":"","_jetpack_dont_email_post_to_subs":true,"_jetpack_newsletter_tier_id":0,"_jetpack_memberships_contains_paywalled_content":false,"_jetpack_memberships_contains_paid_content":false,"footnotes":"","jetpack_publicize_message":"","jetpack_publicize_feature_enabled":true,"jetpack_social_post_already_shared":true,"jetpack_social_options":{"image_generator_settings":{"template":"highway","default_image_id":0,"font":"","enabled":false},"version":2},"_wpas_customize_per_network":false,"jetpack_post_was_ever_published":false},"categories":[135],"tags":[164,165],"class_list":["post-6871","post","type-post","status-publish","format-standard","has-post-thumbnail","hentry","category-soins-preventifs-et-bien-etre","tag-respiration-nasale","tag-sante-bucco-dentaire"],"yoast_head":"<!-- This site is optimized with the Yoast SEO plugin v27.5 - https:\/\/yoast.com\/product\/yoast-seo-wordpress\/ -->\n<title>Respiration nasale et sant\u00e9 bucco-dentaire | Sant\u00e9 dentaire SO<\/title>\n<meta name=\"description\" content=\"La respiration nasale joue un r\u00f4le cl\u00e9 dans la pr\u00e9vention des caries, la sant\u00e9 des gencives et de la sant\u00e9 bucco-dentaire en g\u00e9n\u00e9ral.\" \/>\n<meta name=\"robots\" content=\"index, follow, max-snippet:-1, max-image-preview:large, max-video-preview:-1\" \/>\n<link rel=\"canonical\" href=\"https:\/\/santedentaireso.com\/en\/respiration-nasale-et-sante-bucco-dentaire-un-lien-essentiel\/\" \/>\n<meta property=\"og:locale\" content=\"en_US\" \/>\n<meta property=\"og:type\" content=\"article\" \/>\n<meta property=\"og:title\" content=\"Respiration nasale et sant\u00e9 bucco-dentaire | Sant\u00e9 dentaire SO\" \/>\n<meta property=\"og:description\" content=\"La respiration nasale joue un r\u00f4le cl\u00e9 dans la pr\u00e9vention des caries, la sant\u00e9 des gencives et de la sant\u00e9 bucco-dentaire en g\u00e9n\u00e9ral.\" \/>\n<meta property=\"og:url\" content=\"https:\/\/santedentaireso.com\/en\/respiration-nasale-et-sante-bucco-dentaire-un-lien-essentiel\/\" \/>\n<meta property=\"article:publisher\" content=\"https:\/\/www.facebook.com\/santedentaireSO\/\" \/>\n<meta property=\"article:published_time\" content=\"2026-02-18T20:02:39+00:00\" \/>\n<meta property=\"article:modified_time\" content=\"2026-03-26T19:52:27+00:00\" \/>\n<meta property=\"og:image\" content=\"https:\/\/santedentaireso.com\/wp-content\/uploads\/2026\/02\/Respiration-nasale-et-sante-bucco-dentaire.png\" \/>\n\t<meta property=\"og:image:width\" content=\"1024\" \/>\n\t<meta property=\"og:image:height\" content=\"1024\" \/>\n\t<meta property=\"og:image:type\" content=\"image\/png\" \/>\n<meta name=\"author\" content=\"santedentaireso\" \/>\n<meta name=\"twitter:card\" content=\"summary_large_image\" \/>\n<meta name=\"twitter:label1\" content=\"Written by\" \/>\n\t<meta name=\"twitter:data1\" content=\"santedentaireso\" \/>\n\t<meta name=\"twitter:label2\" content=\"Est. reading time\" \/>\n\t<meta name=\"twitter:data2\" content=\"3 minutes\" \/>\n<script type=\"application\/ld+json\" class=\"yoast-schema-graph\">{\"@context\":\"https:\\\/\\\/schema.org\",\"@graph\":[{\"@type\":\"Article\",\"@id\":\"https:\\\/\\\/santedentaireso.com\\\/respiration-nasale-et-sante-bucco-dentaire-un-lien-essentiel\\\/#article\",\"isPartOf\":{\"@id\":\"https:\\\/\\\/santedentaireso.com\\\/respiration-nasale-et-sante-bucco-dentaire-un-lien-essentiel\\\/\"},\"author\":{\"name\":\"santedentaireso\",\"@id\":\"https:\\\/\\\/santedentaireso.com\\\/#\\\/schema\\\/person\\\/d48162db4bc01ac8787c5718c176f204\"},\"headline\":\"Respiration nasale et sant\u00e9 bucco-dentaire : un lien essentiel\",\"datePublished\":\"2026-02-18T20:02:39+00:00\",\"dateModified\":\"2026-03-26T19:52:27+00:00\",\"mainEntityOfPage\":{\"@id\":\"https:\\\/\\\/santedentaireso.com\\\/respiration-nasale-et-sante-bucco-dentaire-un-lien-essentiel\\\/\"},\"wordCount\":405,\"publisher\":{\"@id\":\"https:\\\/\\\/santedentaireso.com\\\/#organization\"},\"image\":{\"@id\":\"https:\\\/\\\/santedentaireso.com\\\/respiration-nasale-et-sante-bucco-dentaire-un-lien-essentiel\\\/#primaryimage\"},\"thumbnailUrl\":\"https:\\\/\\\/i0.wp.com\\\/santedentaireso.com\\\/wp-content\\\/uploads\\\/2026\\\/02\\\/Respiration-nasale-et-sante-bucco-dentaire.png?fit=1024%2C1024&ssl=1\",\"keywords\":[\"Respiration nasale\",\"sant\u00e9 bucco-dentaire\"],\"articleSection\":[\"Soins pr\u00e9ventifs et bien-\u00eatre\"],\"inLanguage\":\"en-CA\"},{\"@type\":\"WebPage\",\"@id\":\"https:\\\/\\\/santedentaireso.com\\\/respiration-nasale-et-sante-bucco-dentaire-un-lien-essentiel\\\/\",\"url\":\"https:\\\/\\\/santedentaireso.com\\\/respiration-nasale-et-sante-bucco-dentaire-un-lien-essentiel\\\/\",\"name\":\"Respiration nasale et sant\u00e9 bucco-dentaire | Sant\u00e9 dentaire SO\",\"isPartOf\":{\"@id\":\"https:\\\/\\\/santedentaireso.com\\\/#website\"},\"primaryImageOfPage\":{\"@id\":\"https:\\\/\\\/santedentaireso.com\\\/respiration-nasale-et-sante-bucco-dentaire-un-lien-essentiel\\\/#primaryimage\"},\"image\":{\"@id\":\"https:\\\/\\\/santedentaireso.com\\\/respiration-nasale-et-sante-bucco-dentaire-un-lien-essentiel\\\/#primaryimage\"},\"thumbnailUrl\":\"https:\\\/\\\/i0.wp.com\\\/santedentaireso.com\\\/wp-content\\\/uploads\\\/2026\\\/02\\\/Respiration-nasale-et-sante-bucco-dentaire.png?fit=1024%2C1024&ssl=1\",\"datePublished\":\"2026-02-18T20:02:39+00:00\",\"dateModified\":\"2026-03-26T19:52:27+00:00\",\"description\":\"La respiration nasale joue un r\u00f4le cl\u00e9 dans la pr\u00e9vention des caries, la sant\u00e9 des gencives et de la sant\u00e9 bucco-dentaire en g\u00e9n\u00e9ral.\",\"breadcrumb\":{\"@id\":\"https:\\\/\\\/santedentaireso.com\\\/respiration-nasale-et-sante-bucco-dentaire-un-lien-essentiel\\\/#breadcrumb\"},\"inLanguage\":\"en-CA\",\"potentialAction\":[{\"@type\":\"ReadAction\",\"target\":[\"https:\\\/\\\/santedentaireso.com\\\/respiration-nasale-et-sante-bucco-dentaire-un-lien-essentiel\\\/\"]}]},{\"@type\":\"ImageObject\",\"inLanguage\":\"en-CA\",\"@id\":\"https:\\\/\\\/santedentaireso.com\\\/respiration-nasale-et-sante-bucco-dentaire-un-lien-essentiel\\\/#primaryimage\",\"url\":\"https:\\\/\\\/i0.wp.com\\\/santedentaireso.com\\\/wp-content\\\/uploads\\\/2026\\\/02\\\/Respiration-nasale-et-sante-bucco-dentaire.png?fit=1024%2C1024&ssl=1\",\"contentUrl\":\"https:\\\/\\\/i0.wp.com\\\/santedentaireso.com\\\/wp-content\\\/uploads\\\/2026\\\/02\\\/Respiration-nasale-et-sante-bucco-dentaire.png?fit=1024%2C1024&ssl=1\",\"width\":1024,\"height\":1024,\"caption\":\"Respiration nasale et sante\u0301 bucco-dentaire\"},{\"@type\":\"BreadcrumbList\",\"@id\":\"https:\\\/\\\/santedentaireso.com\\\/respiration-nasale-et-sante-bucco-dentaire-un-lien-essentiel\\\/#breadcrumb\",\"itemListElement\":[{\"@type\":\"ListItem\",\"position\":1,\"name\":\"Accueil\",\"item\":\"https:\\\/\\\/santedentaireso.com\\\/\"},{\"@type\":\"ListItem\",\"position\":2,\"name\":\"Respiration nasale et sant\u00e9 bucco-dentaire : un lien essentiel\"}]},{\"@type\":\"WebSite\",\"@id\":\"https:\\\/\\\/santedentaireso.com\\\/#website\",\"url\":\"https:\\\/\\\/santedentaireso.com\\\/\",\"name\":\"\",\"description\":\"Votre clinique dentaire dans le sud-ouest de Montr\u00e9al\",\"publisher\":{\"@id\":\"https:\\\/\\\/santedentaireso.com\\\/#organization\"},\"potentialAction\":[{\"@type\":\"SearchAction\",\"target\":{\"@type\":\"EntryPoint\",\"urlTemplate\":\"https:\\\/\\\/santedentaireso.com\\\/?s={search_term_string}\"},\"query-input\":{\"@type\":\"PropertyValueSpecification\",\"valueRequired\":true,\"valueName\":\"search_term_string\"}}],\"inLanguage\":\"en-CA\"},{\"@type\":\"Organization\",\"@id\":\"https:\\\/\\\/santedentaireso.com\\\/#organization\",\"name\":\"Sant\u00e9 dentaire SO\",\"url\":\"https:\\\/\\\/santedentaireso.com\\\/\",\"logo\":{\"@type\":\"ImageObject\",\"inLanguage\":\"en-CA\",\"@id\":\"https:\\\/\\\/santedentaireso.com\\\/#\\\/schema\\\/logo\\\/image\\\/\",\"url\":\"https:\\\/\\\/i0.wp.com\\\/santedentaireso.com\\\/wp-content\\\/uploads\\\/2021\\\/05\\\/cropped-cropped-Capture-decran-le-2021-05-26-a-16.19.35.png?fit=400%2C400&ssl=1\",\"contentUrl\":\"https:\\\/\\\/i0.wp.com\\\/santedentaireso.com\\\/wp-content\\\/uploads\\\/2021\\\/05\\\/cropped-cropped-Capture-decran-le-2021-05-26-a-16.19.35.png?fit=400%2C400&ssl=1\",\"width\":400,\"height\":400,\"caption\":\"Sant\u00e9 dentaire SO\"},\"image\":{\"@id\":\"https:\\\/\\\/santedentaireso.com\\\/#\\\/schema\\\/logo\\\/image\\\/\"},\"sameAs\":[\"https:\\\/\\\/www.facebook.com\\\/santedentaireSO\\\/\"]},{\"@type\":\"Person\",\"@id\":\"https:\\\/\\\/santedentaireso.com\\\/#\\\/schema\\\/person\\\/d48162db4bc01ac8787c5718c176f204\",\"name\":\"santedentaireso\",\"image\":{\"@type\":\"ImageObject\",\"inLanguage\":\"en-CA\",\"@id\":\"https:\\\/\\\/secure.gravatar.com\\\/avatar\\\/84d2ca07eedcba923310914c3d9fe8bcbab76b43f5aa2072c1e9879ada17ee3a?s=96&d=identicon&r=g\",\"url\":\"https:\\\/\\\/secure.gravatar.com\\\/avatar\\\/84d2ca07eedcba923310914c3d9fe8bcbab76b43f5aa2072c1e9879ada17ee3a?s=96&d=identicon&r=g\",\"contentUrl\":\"https:\\\/\\\/secure.gravatar.com\\\/avatar\\\/84d2ca07eedcba923310914c3d9fe8bcbab76b43f5aa2072c1e9879ada17ee3a?s=96&d=identicon&r=g\",\"caption\":\"santedentaireso\"},\"url\":\"https:\\\/\\\/santedentaireso.com\\\/en\\\/author\\\/santedentaireso\\\/\"}]}<\/script>\n<!-- \/ Yoast SEO plugin. -->","yoast_head_json":{"title":"Respiration nasale et sant\u00e9 bucco-dentaire | Sant\u00e9 dentaire SO","description":"La respiration nasale joue un r\u00f4le cl\u00e9 dans la pr\u00e9vention des caries, la sant\u00e9 des gencives et de la sant\u00e9 bucco-dentaire en g\u00e9n\u00e9ral.","robots":{"index":"index","follow":"follow","max-snippet":"max-snippet:-1","max-image-preview":"max-image-preview:large","max-video-preview":"max-video-preview:-1"},"canonical":"https:\/\/santedentaireso.com\/en\/respiration-nasale-et-sante-bucco-dentaire-un-lien-essentiel\/","og_locale":"en_US","og_type":"article","og_title":"Respiration nasale et sant\u00e9 bucco-dentaire | Sant\u00e9 dentaire SO","og_description":"La respiration nasale joue un r\u00f4le cl\u00e9 dans la pr\u00e9vention des caries, la sant\u00e9 des gencives et de la sant\u00e9 bucco-dentaire en g\u00e9n\u00e9ral.","og_url":"https:\/\/santedentaireso.com\/en\/respiration-nasale-et-sante-bucco-dentaire-un-lien-essentiel\/","article_publisher":"https:\/\/www.facebook.com\/santedentaireSO\/","article_published_time":"2026-02-18T20:02:39+00:00","article_modified_time":"2026-03-26T19:52:27+00:00","og_image":[{"width":1024,"height":1024,"url":"https:\/\/santedentaireso.com\/wp-content\/uploads\/2026\/02\/Respiration-nasale-et-sante-bucco-dentaire.png","type":"image\/png"}],"author":"santedentaireso","twitter_card":"summary_large_image","twitter_misc":{"Written by":"santedentaireso","Est. reading time":"3 minutes"},"schema":{"@context":"https:\/\/schema.org","@graph":[{"@type":"Article","@id":"https:\/\/santedentaireso.com\/respiration-nasale-et-sante-bucco-dentaire-un-lien-essentiel\/#article","isPartOf":{"@id":"https:\/\/santedentaireso.com\/respiration-nasale-et-sante-bucco-dentaire-un-lien-essentiel\/"},"author":{"name":"santedentaireso","@id":"https:\/\/santedentaireso.com\/#\/schema\/person\/d48162db4bc01ac8787c5718c176f204"},"headline":"Respiration nasale et sant\u00e9 bucco-dentaire : un lien essentiel","datePublished":"2026-02-18T20:02:39+00:00","dateModified":"2026-03-26T19:52:27+00:00","mainEntityOfPage":{"@id":"https:\/\/santedentaireso.com\/respiration-nasale-et-sante-bucco-dentaire-un-lien-essentiel\/"},"wordCount":405,"publisher":{"@id":"https:\/\/santedentaireso.com\/#organization"},"image":{"@id":"https:\/\/santedentaireso.com\/respiration-nasale-et-sante-bucco-dentaire-un-lien-essentiel\/#primaryimage"},"thumbnailUrl":"https:\/\/i0.wp.com\/santedentaireso.com\/wp-content\/uploads\/2026\/02\/Respiration-nasale-et-sante-bucco-dentaire.png?fit=1024%2C1024&ssl=1","keywords":["Respiration nasale","sant\u00e9 bucco-dentaire"],"articleSection":["Soins pr\u00e9ventifs et bien-\u00eatre"],"inLanguage":"en-CA"},{"@type":"WebPage","@id":"https:\/\/santedentaireso.com\/respiration-nasale-et-sante-bucco-dentaire-un-lien-essentiel\/","url":"https:\/\/santedentaireso.com\/respiration-nasale-et-sante-bucco-dentaire-un-lien-essentiel\/","name":"Respiration nasale et sant\u00e9 bucco-dentaire | Sant\u00e9 dentaire SO","isPartOf":{"@id":"https:\/\/santedentaireso.com\/#website"},"primaryImageOfPage":{"@id":"https:\/\/santedentaireso.com\/respiration-nasale-et-sante-bucco-dentaire-un-lien-essentiel\/#primaryimage"},"image":{"@id":"https:\/\/santedentaireso.com\/respiration-nasale-et-sante-bucco-dentaire-un-lien-essentiel\/#primaryimage"},"thumbnailUrl":"https:\/\/i0.wp.com\/santedentaireso.com\/wp-content\/uploads\/2026\/02\/Respiration-nasale-et-sante-bucco-dentaire.png?fit=1024%2C1024&ssl=1","datePublished":"2026-02-18T20:02:39+00:00","dateModified":"2026-03-26T19:52:27+00:00","description":"La respiration nasale joue un r\u00f4le cl\u00e9 dans la pr\u00e9vention des caries, la sant\u00e9 des gencives et de la sant\u00e9 bucco-dentaire en g\u00e9n\u00e9ral.","breadcrumb":{"@id":"https:\/\/santedentaireso.com\/respiration-nasale-et-sante-bucco-dentaire-un-lien-essentiel\/#breadcrumb"},"inLanguage":"en-CA","potentialAction":[{"@type":"ReadAction","target":["https:\/\/santedentaireso.com\/respiration-nasale-et-sante-bucco-dentaire-un-lien-essentiel\/"]}]},{"@type":"ImageObject","inLanguage":"en-CA","@id":"https:\/\/santedentaireso.com\/respiration-nasale-et-sante-bucco-dentaire-un-lien-essentiel\/#primaryimage","url":"https:\/\/i0.wp.com\/santedentaireso.com\/wp-content\/uploads\/2026\/02\/Respiration-nasale-et-sante-bucco-dentaire.png?fit=1024%2C1024&ssl=1","contentUrl":"https:\/\/i0.wp.com\/santedentaireso.com\/wp-content\/uploads\/2026\/02\/Respiration-nasale-et-sante-bucco-dentaire.png?fit=1024%2C1024&ssl=1","width":1024,"height":1024,"caption":"Respiration nasale et sante\u0301 bucco-dentaire"},{"@type":"BreadcrumbList","@id":"https:\/\/santedentaireso.com\/respiration-nasale-et-sante-bucco-dentaire-un-lien-essentiel\/#breadcrumb","itemListElement":[{"@type":"ListItem","position":1,"name":"Accueil","item":"https:\/\/santedentaireso.com\/"},{"@type":"ListItem","position":2,"name":"Respiration nasale et sant\u00e9 bucco-dentaire : un lien essentiel"}]},{"@type":"WebSite","@id":"https:\/\/santedentaireso.com\/#website","url":"https:\/\/santedentaireso.com\/","name":"","description":"Votre clinique dentaire dans le sud-ouest de Montr\u00e9al","publisher":{"@id":"https:\/\/santedentaireso.com\/#organization"},"potentialAction":[{"@type":"SearchAction","target":{"@type":"EntryPoint","urlTemplate":"https:\/\/santedentaireso.com\/?s={search_term_string}"},"query-input":{"@type":"PropertyValueSpecification","valueRequired":true,"valueName":"search_term_string"}}],"inLanguage":"en-CA"},{"@type":"Organization","@id":"https:\/\/santedentaireso.com\/#organization","name":"Sant\u00e9 dentaire SO","url":"https:\/\/santedentaireso.com\/","logo":{"@type":"ImageObject","inLanguage":"en-CA","@id":"https:\/\/santedentaireso.com\/#\/schema\/logo\/image\/","url":"https:\/\/i0.wp.com\/santedentaireso.com\/wp-content\/uploads\/2021\/05\/cropped-cropped-Capture-decran-le-2021-05-26-a-16.19.35.png?fit=400%2C400&ssl=1","contentUrl":"https:\/\/i0.wp.com\/santedentaireso.com\/wp-content\/uploads\/2021\/05\/cropped-cropped-Capture-decran-le-2021-05-26-a-16.19.35.png?fit=400%2C400&ssl=1","width":400,"height":400,"caption":"Sant\u00e9 dentaire SO"},"image":{"@id":"https:\/\/santedentaireso.com\/#\/schema\/logo\/image\/"},"sameAs":["https:\/\/www.facebook.com\/santedentaireSO\/"]},{"@type":"Person","@id":"https:\/\/santedentaireso.com\/#\/schema\/person\/d48162db4bc01ac8787c5718c176f204","name":"santedentaireso","image":{"@type":"ImageObject","inLanguage":"en-CA","@id":"https:\/\/secure.gravatar.com\/avatar\/84d2ca07eedcba923310914c3d9fe8bcbab76b43f5aa2072c1e9879ada17ee3a?s=96&d=identicon&r=g","url":"https:\/\/secure.gravatar.com\/avatar\/84d2ca07eedcba923310914c3d9fe8bcbab76b43f5aa2072c1e9879ada17ee3a?s=96&d=identicon&r=g","contentUrl":"https:\/\/secure.gravatar.com\/avatar\/84d2ca07eedcba923310914c3d9fe8bcbab76b43f5aa2072c1e9879ada17ee3a?s=96&d=identicon&r=g","caption":"santedentaireso"},"url":"https:\/\/santedentaireso.com\/en\/author\/santedentaireso\/"}]}},"jetpack_publicize_connections":[],"jetpack_featured_media_url":"https:\/\/i0.wp.com\/santedentaireso.com\/wp-content\/uploads\/2026\/02\/Respiration-nasale-et-sante-bucco-dentaire.png?fit=1024%2C1024&ssl=1","jetpack_sharing_enabled":true,"jetpack_shortlink":"https:\/\/wp.me\/pa5GJh-1MP","jetpack_likes_enabled":false,"_links":{"self":[{"href":"https:\/\/santedentaireso.com\/en\/wp-json\/wp\/v2\/posts\/6871","targetHints":{"allow":["GET"]}}],"collection":[{"href":"https:\/\/santedentaireso.com\/en\/wp-json\/wp\/v2\/posts"}],"about":[{"href":"https:\/\/santedentaireso.com\/en\/wp-json\/wp\/v2\/types\/post"}],"author":[{"embeddable":true,"href":"https:\/\/santedentaireso.com\/en\/wp-json\/wp\/v2\/users\/1"}],"replies":[{"embeddable":true,"href":"https:\/\/santedentaireso.com\/en\/wp-json\/wp\/v2\/comments?post=6871"}],"version-history":[{"count":3,"href":"https:\/\/santedentaireso.com\/en\/wp-json\/wp\/v2\/posts\/6871\/revisions"}],"predecessor-version":[{"id":6876,"href":"https:\/\/santedentaireso.com\/en\/wp-json\/wp\/v2\/posts\/6871\/revisions\/6876"}],"wp:featuredmedia":[{"embeddable":true,"href":"https:\/\/santedentaireso.com\/en\/wp-json\/wp\/v2\/media\/6873"}],"wp:attachment":[{"href":"https:\/\/santedentaireso.com\/en\/wp-json\/wp\/v2\/media?parent=6871"}],"wp:term":[{"taxonomy":"category","embeddable":true,"href":"https:\/\/santedentaireso.com\/en\/wp-json\/wp\/v2\/categories?post=6871"},{"taxonomy":"post_tag","embeddable":true,"href":"https:\/\/santedentaireso.com\/en\/wp-json\/wp\/v2\/tags?post=6871"}],"curies":[{"name":"wp","href":"https:\/\/api.w.org\/{rel}","templated":true}]}}